{"id":1977,"date":"2016-02-25T14:30:32","date_gmt":"2016-02-25T13:30:32","guid":{"rendered":"http:\/\/test.urbancleaner.es\/?p=1977"},"modified":"2016-05-06T14:42:57","modified_gmt":"2016-05-06T13:42:57","slug":"feira-internacional-franquias-mexico","status":"publish","type":"post","link":"https:\/\/www.urbancleaner.es\/pt\/feira-internacional-franquias-mexico\/","title":{"rendered":"O grupo UrbanClean estar\u00e1 presente na Feira Internacional de Franquias do M\u00e9xico."},"content":{"rendered":"<p>[vc_row][vc_column][vc_column_text]A Feira Internacional de Franquias \u00e9 o ponto de encontro de empres\u00e1rios e empresas internacionais que procuram investimento para expandir neg\u00f3cios e marcas principalmente no M\u00e9xico, EUA e zona latino-americana em geral.<\/p>\n<p>A nova edi\u00e7\u00e3o da FIF (http:\/\/www.fif.com.mx) ter\u00e1 lugar de 3 a 5 de mar\u00e7o de 2016 no recinto do WTC World Trade Center na Cidade do M\u00e9xico DF.<\/p>\n<p>O grupo valenciano UrbanClean (www.urbanclean.es) apresentar\u00e1 os seus v\u00e1rios modelos de neg\u00f3cio dentro do mundo das franquias desenvolvidos exclusivamente para estes novos mercados.<\/p>\n<p>Um conceito diferente de tinturaria onde o valor mais prezado \u00e9 um servi\u00e7o de excel\u00eancia e o atendimento ao cliente.[\/vc_column_text][vc_column_text]O grupo UrbanClean coloca igualmente ao seu alcance uma oportunidade de neg\u00f3cio rent\u00e1vel e de sucesso atrav\u00e9s das suas <strong><a href=\"https:\/\/www.urbancleaner.es\/pt\/franquias\/\">franquias UrbanCleaner<\/a><\/strong>. Oferecemos-lhe a oportunidade de fazer parte da nossa equipa como franquiado e de gerir o seu pr\u00f3prio neg\u00f3cio de servi\u00e7os de limpeza e desinfe\u00e7\u00e3o anti\u00e1caros ao domic\u00edlio:[\/vc_column_text][vc_row_inner el_class=&#8221;noticia-row-lista-links&#8221; css=&#8221;.vc_custom_1460901673395{margin-top: -25px !important;}&#8221;][vc_column_inner width=&#8221;1\/2&#8243;]<div class=\"standard-arrow bullet-top\"><ul style=\"padding-left: 50px;\">\n<li><a href=\"https:\/\/www.urbancleaner.es\/pt\/limpeza-de-sofas\/\">Limpeza de sof\u00e1s, poltronas e cadeiras estofadas<\/a>.<\/li>\n<li><a href=\"https:\/\/www.urbancleaner.es\/pt\/limpeza-de-tapetes\/\">Limpeza de tapetes e de alcatifas<\/a>.<\/li>\n<li><a href=\"https:\/\/www.urbancleaner.es\/pt\/limpeza-de-colchoes\/\">Limpeza de colch\u00f5es e almofadas<\/a>.<\/li>\n<\/ul>\n<\/div>[\/vc_column_inner][vc_column_inner width=&#8221;1\/2&#8243;]<div class=\"standard-arrow bullet-top\"><ul style=\"padding-left: 50px;\">\n<li><a href=\"https:\/\/www.urbancleaner.es\/pt\/desinfecao-de-colchoes\/\">Desinfe\u00e7\u00e3o de colch\u00f5es<\/a>.<\/li>\n<li><a href=\"https:\/\/www.urbancleaner.es\/pt\/desinfecao-de-tapetes\/\">Desinfe\u00e7\u00e3o de tapetes e alcatifas<\/a>.<\/li>\n<li><a href=\"https:\/\/www.urbancleaner.es\/pt\/desinfecao-de-sofas\/\">Desinfe\u00e7\u00e3o de sof\u00e1s e superf\u00edcies estofadas<\/a>.<\/li>\n<\/ul>\n<\/div>[\/vc_column_inner][\/vc_row_inner][vc_empty_space][vc_single_image image=&#8221;1502&#8243; img_size=&#8221;full&#8221; alignment=&#8221;center&#8221; image_hovers=&#8221;false&#8221;][\/vc_column][\/vc_row][vc_row margin_top=&#8221;0&#8243; margin_bottom=&#8221;30&#8243; css=&#8221;.vc_custom_1460901706698{margin-bottom: 10px !important;}&#8221;][vc_column]<div class=\"hr-thin style-line\" style=\"width: 100%;border-top-width: 1px;\"><\/div>[\/vc_column][\/vc_row]<\/p>\n","protected":false},"excerpt":{"rendered":"<p>O grupo UrbanClean apresentar\u00e1 os seus v\u00e1rios modelos de neg\u00f3cio dentro do mundo das franquias na Feira Internacional de Franquias do M\u00e9xico. <\/p>\n","protected":false},"author":2,"featured_media":1797,"comment_status":"closed","ping_status":"closed","sticky":false,"template":"","format":"standard","meta":{"content-type":""},"categories":[25],"tags":[],"yoast_head":"<!-- This site is optimized with the Yoast SEO plugin v18.3 - https:\/\/yoast.com\/wordpress\/plugins\/seo\/ -->\n<title>UrbanClean na Feira Internacional de Franquias do M\u00e9xico<\/title>\n<meta name=\"description\" content=\"O grupo UrbanClean apresentar\u00e1 os seus v\u00e1rios modelos de neg\u00f3cio dentro do mundo das franquias na Feira Internacional de Franquias do M\u00e9xico.\" \/>\n<meta name=\"robots\" content=\"index, follow, max-snippet:-1, max-image-preview:large, max-video-preview:-1\" \/>\n<link rel=\"canonical\" href=\"https:\/\/www.urbancleaner.es\/pt\/feira-internacional-franquias-mexico\/\" \/>\n<meta property=\"og:locale\" content=\"pt_PT\" \/>\n<meta property=\"og:type\" content=\"article\" \/>\n<meta property=\"og:title\" content=\"UrbanClean na Feira Internacional de Franquias do M\u00e9xico\" \/>\n<meta property=\"og:description\" content=\"O grupo UrbanClean apresentar\u00e1 os seus v\u00e1rios modelos de neg\u00f3cio dentro do mundo das franquias na Feira Internacional de Franquias do M\u00e9xico.\" \/>\n<meta property=\"og:url\" content=\"https:\/\/www.urbancleaner.es\/pt\/feira-internacional-franquias-mexico\/\" \/>\n<meta property=\"og:site_name\" content=\"UrbanCleaner\" \/>\n<meta property=\"article:publisher\" content=\"https:\/\/www.facebook.com\/UrbanCleaner-493027774232470\/\" \/>\n<meta property=\"article:published_time\" content=\"2016-02-25T13:30:32+00:00\" \/>\n<meta property=\"article:modified_time\" content=\"2016-05-06T13:42:57+00:00\" \/>\n<meta property=\"og:image\" content=\"https:\/\/www.urbancleaner.es\/wp-content\/uploads\/2016\/02\/urbanclean-feria-franquicias-mexico.jpg\" \/>\n\t<meta property=\"og:image:width\" content=\"900\" \/>\n\t<meta property=\"og:image:height\" content=\"698\" \/>\n\t<meta property=\"og:image:type\" content=\"image\/jpeg\" \/>\n<meta name=\"twitter:card\" content=\"summary\" \/>\n<meta name=\"twitter:label1\" content=\"Written by\" \/>\n\t<meta name=\"twitter:data1\" content=\"UrbanCleaner\" \/>\n\t<meta name=\"twitter:label2\" content=\"Est. reading time\" \/>\n\t<meta name=\"twitter:data2\" content=\"2 minutes\" \/>\n<script type=\"application\/ld+json\" class=\"yoast-schema-graph\">{\"@context\":\"https:\/\/schema.org\",\"@graph\":[{\"@type\":\"Organization\",\"@id\":\"https:\/\/www.urbancleaner.es\/#organization\",\"name\":\"UrbanCleaner\",\"url\":\"https:\/\/www.urbancleaner.es\/\",\"sameAs\":[\"https:\/\/www.facebook.com\/UrbanCleaner-493027774232470\/\",\"https:\/\/www.youtube.com\/channel\/UCPwVcTW4iUgxko1a5x6XJBg\"],\"logo\":{\"@type\":\"ImageObject\",\"@id\":\"https:\/\/www.urbancleaner.es\/#logo\",\"inLanguage\":\"pt\",\"url\":\"https:\/\/www.urbancleaner.es\/wp-content\/uploads\/2015\/12\/logo-hb-60.png\",\"contentUrl\":\"https:\/\/www.urbancleaner.es\/wp-content\/uploads\/2015\/12\/logo-hb-60.png\",\"width\":305,\"height\":60,\"caption\":\"UrbanCleaner\"},\"image\":{\"@id\":\"https:\/\/www.urbancleaner.es\/#logo\"}},{\"@type\":\"WebSite\",\"@id\":\"https:\/\/www.urbancleaner.es\/#website\",\"url\":\"https:\/\/www.urbancleaner.es\/\",\"name\":\"UrbanCleaner\",\"description\":\"Sistema de limpeza e desinfe\u00e7\u00e3o ao domic\u00edlio\",\"publisher\":{\"@id\":\"https:\/\/www.urbancleaner.es\/#organization\"},\"potentialAction\":[{\"@type\":\"SearchAction\",\"target\":{\"@type\":\"EntryPoint\",\"urlTemplate\":\"https:\/\/www.urbancleaner.es\/?s={search_term_string}\"},\"query-input\":\"required name=search_term_string\"}],\"inLanguage\":\"pt\"},{\"@type\":\"ImageObject\",\"@id\":\"https:\/\/www.urbancleaner.es\/pt\/feira-internacional-franquias-mexico\/#primaryimage\",\"inLanguage\":\"pt\",\"url\":\"https:\/\/www.urbancleaner.es\/wp-content\/uploads\/2016\/02\/urbanclean-feria-franquicias-mexico.jpg\",\"contentUrl\":\"https:\/\/www.urbancleaner.es\/wp-content\/uploads\/2016\/02\/urbanclean-feria-franquicias-mexico.jpg\",\"width\":900,\"height\":698,\"caption\":\"UrbanClean - Feira Internacional de Franquias do M\u00e9xico\"},{\"@type\":\"WebPage\",\"@id\":\"https:\/\/www.urbancleaner.es\/pt\/feira-internacional-franquias-mexico\/#webpage\",\"url\":\"https:\/\/www.urbancleaner.es\/pt\/feira-internacional-franquias-mexico\/\",\"name\":\"UrbanClean na Feira Internacional de Franquias do M\u00e9xico\",\"isPartOf\":{\"@id\":\"https:\/\/www.urbancleaner.es\/#website\"},\"primaryImageOfPage\":{\"@id\":\"https:\/\/www.urbancleaner.es\/pt\/feira-internacional-franquias-mexico\/#primaryimage\"},\"datePublished\":\"2016-02-25T13:30:32+00:00\",\"dateModified\":\"2016-05-06T13:42:57+00:00\",\"description\":\"O grupo UrbanClean apresentar\u00e1 os seus v\u00e1rios modelos de neg\u00f3cio dentro do mundo das franquias na Feira Internacional de Franquias do M\u00e9xico.\",\"breadcrumb\":{\"@id\":\"https:\/\/www.urbancleaner.es\/pt\/feira-internacional-franquias-mexico\/#breadcrumb\"},\"inLanguage\":\"pt\",\"potentialAction\":[{\"@type\":\"ReadAction\",\"target\":[\"https:\/\/www.urbancleaner.es\/pt\/feira-internacional-franquias-mexico\/\"]}]},{\"@type\":\"BreadcrumbList\",\"@id\":\"https:\/\/www.urbancleaner.es\/pt\/feira-internacional-franquias-mexico\/#breadcrumb\",\"itemListElement\":[{\"@type\":\"ListItem\",\"position\":1,\"name\":\"Inicio\",\"item\":\"https:\/\/www.urbancleaner.es\/pt\/\"},{\"@type\":\"ListItem\",\"position\":2,\"name\":\"O grupo UrbanClean estar\u00e1 presente na Feira Internacional de Franquias do M\u00e9xico.\"}]},{\"@type\":\"Article\",\"@id\":\"https:\/\/www.urbancleaner.es\/pt\/feira-internacional-franquias-mexico\/#article\",\"isPartOf\":{\"@id\":\"https:\/\/www.urbancleaner.es\/pt\/feira-internacional-franquias-mexico\/#webpage\"},\"author\":{\"@id\":\"https:\/\/www.urbancleaner.es\/#\/schema\/person\/5bfda8ebad5bf9d7780027c8c248b946\"},\"headline\":\"O grupo UrbanClean estar\u00e1 presente na Feira Internacional de Franquias do M\u00e9xico.\",\"datePublished\":\"2016-02-25T13:30:32+00:00\",\"dateModified\":\"2016-05-06T13:42:57+00:00\",\"mainEntityOfPage\":{\"@id\":\"https:\/\/www.urbancleaner.es\/pt\/feira-internacional-franquias-mexico\/#webpage\"},\"wordCount\":326,\"publisher\":{\"@id\":\"https:\/\/www.urbancleaner.es\/#organization\"},\"image\":{\"@id\":\"https:\/\/www.urbancleaner.es\/pt\/feira-internacional-franquias-mexico\/#primaryimage\"},\"thumbnailUrl\":\"https:\/\/www.urbancleaner.es\/wp-content\/uploads\/2016\/02\/urbanclean-feria-franquicias-mexico.jpg\",\"articleSection\":[\"Not\u00edcias\"],\"inLanguage\":\"pt\"},{\"@type\":\"Person\",\"@id\":\"https:\/\/www.urbancleaner.es\/#\/schema\/person\/5bfda8ebad5bf9d7780027c8c248b946\",\"name\":\"UrbanCleaner\",\"image\":{\"@type\":\"ImageObject\",\"@id\":\"https:\/\/www.urbancleaner.es\/#personlogo\",\"inLanguage\":\"pt\",\"url\":\"https:\/\/secure.gravatar.com\/avatar\/28f680776fc3a92f762b518e563bcc20?s=96&d=mm&r=g\",\"contentUrl\":\"https:\/\/secure.gravatar.com\/avatar\/28f680776fc3a92f762b518e563bcc20?s=96&d=mm&r=g\",\"caption\":\"UrbanCleaner\"}}]}<\/script>\n<!-- \/ Yoast SEO plugin. -->","yoast_head_json":{"title":"UrbanClean na Feira Internacional de Franquias do M\u00e9xico","description":"O grupo UrbanClean apresentar\u00e1 os seus v\u00e1rios modelos de neg\u00f3cio dentro do mundo das franquias na Feira Internacional de Franquias do M\u00e9xico.","robots":{"index":"index","follow":"follow","max-snippet":"max-snippet:-1","max-image-preview":"max-image-preview:large","max-video-preview":"max-video-preview:-1"},"canonical":"https:\/\/www.urbancleaner.es\/pt\/feira-internacional-franquias-mexico\/","og_locale":"pt_PT","og_type":"article","og_title":"UrbanClean na Feira Internacional de Franquias do M\u00e9xico","og_description":"O grupo UrbanClean apresentar\u00e1 os seus v\u00e1rios modelos de neg\u00f3cio dentro do mundo das franquias na Feira Internacional de Franquias do M\u00e9xico.","og_url":"https:\/\/www.urbancleaner.es\/pt\/feira-internacional-franquias-mexico\/","og_site_name":"UrbanCleaner","article_publisher":"https:\/\/www.facebook.com\/UrbanCleaner-493027774232470\/","article_published_time":"2016-02-25T13:30:32+00:00","article_modified_time":"2016-05-06T13:42:57+00:00","og_image":[{"width":900,"height":698,"url":"https:\/\/www.urbancleaner.es\/wp-content\/uploads\/2016\/02\/urbanclean-feria-franquicias-mexico.jpg","type":"image\/jpeg"}],"twitter_card":"summary","twitter_misc":{"Written by":"UrbanCleaner","Est. reading time":"2 minutes"},"schema":{"@context":"https:\/\/schema.org","@graph":[{"@type":"Organization","@id":"https:\/\/www.urbancleaner.es\/#organization","name":"UrbanCleaner","url":"https:\/\/www.urbancleaner.es\/","sameAs":["https:\/\/www.facebook.com\/UrbanCleaner-493027774232470\/","https:\/\/www.youtube.com\/channel\/UCPwVcTW4iUgxko1a5x6XJBg"],"logo":{"@type":"ImageObject","@id":"https:\/\/www.urbancleaner.es\/#logo","inLanguage":"pt","url":"https:\/\/www.urbancleaner.es\/wp-content\/uploads\/2015\/12\/logo-hb-60.png","contentUrl":"https:\/\/www.urbancleaner.es\/wp-content\/uploads\/2015\/12\/logo-hb-60.png","width":305,"height":60,"caption":"UrbanCleaner"},"image":{"@id":"https:\/\/www.urbancleaner.es\/#logo"}},{"@type":"WebSite","@id":"https:\/\/www.urbancleaner.es\/#website","url":"https:\/\/www.urbancleaner.es\/","name":"UrbanCleaner","description":"Sistema de limpeza e desinfe\u00e7\u00e3o ao domic\u00edlio","publisher":{"@id":"https:\/\/www.urbancleaner.es\/#organization"},"potentialAction":[{"@type":"SearchAction","target":{"@type":"EntryPoint","urlTemplate":"https:\/\/www.urbancleaner.es\/?s={search_term_string}"},"query-input":"required name=search_term_string"}],"inLanguage":"pt"},{"@type":"ImageObject","@id":"https:\/\/www.urbancleaner.es\/pt\/feira-internacional-franquias-mexico\/#primaryimage","inLanguage":"pt","url":"https:\/\/www.urbancleaner.es\/wp-content\/uploads\/2016\/02\/urbanclean-feria-franquicias-mexico.jpg","contentUrl":"https:\/\/www.urbancleaner.es\/wp-content\/uploads\/2016\/02\/urbanclean-feria-franquicias-mexico.jpg","width":900,"height":698,"caption":"UrbanClean - Feira Internacional de Franquias do M\u00e9xico"},{"@type":"WebPage","@id":"https:\/\/www.urbancleaner.es\/pt\/feira-internacional-franquias-mexico\/#webpage","url":"https:\/\/www.urbancleaner.es\/pt\/feira-internacional-franquias-mexico\/","name":"UrbanClean na Feira Internacional de Franquias do M\u00e9xico","isPartOf":{"@id":"https:\/\/www.urbancleaner.es\/#website"},"primaryImageOfPage":{"@id":"https:\/\/www.urbancleaner.es\/pt\/feira-internacional-franquias-mexico\/#primaryimage"},"datePublished":"2016-02-25T13:30:32+00:00","dateModified":"2016-05-06T13:42:57+00:00","description":"O grupo UrbanClean apresentar\u00e1 os seus v\u00e1rios modelos de neg\u00f3cio dentro do mundo das franquias na Feira Internacional de Franquias do M\u00e9xico.","breadcrumb":{"@id":"https:\/\/www.urbancleaner.es\/pt\/feira-internacional-franquias-mexico\/#breadcrumb"},"inLanguage":"pt","potentialAction":[{"@type":"ReadAction","target":["https:\/\/www.urbancleaner.es\/pt\/feira-internacional-franquias-mexico\/"]}]},{"@type":"BreadcrumbList","@id":"https:\/\/www.urbancleaner.es\/pt\/feira-internacional-franquias-mexico\/#breadcrumb","itemListElement":[{"@type":"ListItem","position":1,"name":"Inicio","item":"https:\/\/www.urbancleaner.es\/pt\/"},{"@type":"ListItem","position":2,"name":"O grupo UrbanClean estar\u00e1 presente na Feira Internacional de Franquias do M\u00e9xico."}]},{"@type":"Article","@id":"https:\/\/www.urbancleaner.es\/pt\/feira-internacional-franquias-mexico\/#article","isPartOf":{"@id":"https:\/\/www.urbancleaner.es\/pt\/feira-internacional-franquias-mexico\/#webpage"},"author":{"@id":"https:\/\/www.urbancleaner.es\/#\/schema\/person\/5bfda8ebad5bf9d7780027c8c248b946"},"headline":"O grupo UrbanClean estar\u00e1 presente na Feira Internacional de Franquias do M\u00e9xico.","datePublished":"2016-02-25T13:30:32+00:00","dateModified":"2016-05-06T13:42:57+00:00","mainEntityOfPage":{"@id":"https:\/\/www.urbancleaner.es\/pt\/feira-internacional-franquias-mexico\/#webpage"},"wordCount":326,"publisher":{"@id":"https:\/\/www.urbancleaner.es\/#organization"},"image":{"@id":"https:\/\/www.urbancleaner.es\/pt\/feira-internacional-franquias-mexico\/#primaryimage"},"thumbnailUrl":"https:\/\/www.urbancleaner.es\/wp-content\/uploads\/2016\/02\/urbanclean-feria-franquicias-mexico.jpg","articleSection":["Not\u00edcias"],"inLanguage":"pt"},{"@type":"Person","@id":"https:\/\/www.urbancleaner.es\/#\/schema\/person\/5bfda8ebad5bf9d7780027c8c248b946","name":"UrbanCleaner","image":{"@type":"ImageObject","@id":"https:\/\/www.urbancleaner.es\/#personlogo","inLanguage":"pt","url":"https:\/\/secure.gravatar.com\/avatar\/28f680776fc3a92f762b518e563bcc20?s=96&d=mm&r=g","contentUrl":"https:\/\/secure.gravatar.com\/avatar\/28f680776fc3a92f762b518e563bcc20?s=96&d=mm&r=g","caption":"UrbanCleaner"}}]}},"_links":{"self":[{"href":"https:\/\/www.urbancleaner.es\/pt\/wp-json\/wp\/v2\/posts\/1977"}],"collection":[{"href":"https:\/\/www.urbancleaner.es\/pt\/wp-json\/wp\/v2\/posts"}],"about":[{"href":"https:\/\/www.urbancleaner.es\/pt\/wp-json\/wp\/v2\/types\/post"}],"author":[{"embeddable":true,"href":"https:\/\/www.urbancleaner.es\/pt\/wp-json\/wp\/v2\/users\/2"}],"replies":[{"embeddable":true,"href":"https:\/\/www.urbancleaner.es\/pt\/wp-json\/wp\/v2\/comments?post=1977"}],"version-history":[{"count":0,"href":"https:\/\/www.urbancleaner.es\/pt\/wp-json\/wp\/v2\/posts\/1977\/revisions"}],"wp:featuredmedia":[{"embeddable":true,"href":"https:\/\/www.urbancleaner.es\/pt\/wp-json\/wp\/v2\/media\/1797"}],"wp:attachment":[{"href":"https:\/\/www.urbancleaner.es\/pt\/wp-json\/wp\/v2\/media?parent=1977"}],"wp:term":[{"taxonomy":"category","embeddable":true,"href":"https:\/\/www.urbancleaner.es\/pt\/wp-json\/wp\/v2\/categories?post=1977"},{"taxonomy":"post_tag","embeddable":true,"href":"https:\/\/www.urbancleaner.es\/pt\/wp-json\/wp\/v2\/tags?post=1977"}],"curies":[{"name":"wp","href":"https:\/\/api.w.org\/{rel}","templated":true}]}}